{"id":840,"date":"2020-11-20T11:59:59","date_gmt":"2020-11-20T11:59:59","guid":{"rendered":"https:\/\/creena.educacion.navarra.es\/web\/pruebas-psicopedagogicas\/?p=840"},"modified":"2020-11-20T11:59:59","modified_gmt":"2020-11-20T11:59:59","slug":"briacc","status":"publish","type":"post","link":"https:\/\/creena.educacion.navarra.es\/web\/pruebas-psicopedagogicas\/2020\/11\/20\/briacc\/","title":{"rendered":"BRIACC"},"content":{"rendered":"\n<figure class=\"wp-block-image size-large is-resized\"><img loading=\"lazy\" src=\"https:\/\/creena.educacion.navarra.es\/web\/pruebas-psicopedagogicas\/wp-content\/uploads\/sites\/9\/2020\/11\/briaac_l.jpg\" alt=\"\" class=\"wp-image-862\" width=\"178\" height=\"207\" srcset=\"https:\/\/creena.educacion.navarra.es\/web\/pruebas-psicopedagogicas\/wp-content\/uploads\/sites\/9\/2020\/11\/briaac_l.jpg 800w, https:\/\/creena.educacion.navarra.es\/web\/pruebas-psicopedagogicas\/wp-content\/uploads\/sites\/9\/2020\/11\/briaac_l-258x300.jpg 258w, https:\/\/creena.educacion.navarra.es\/web\/pruebas-psicopedagogicas\/wp-content\/uploads\/sites\/9\/2020\/11\/briaac_l-768x893.jpg 768w\" sizes=\"(max-width: 178px) 100vw, 178px\" \/><\/figure>\n\n\n\n<p><span class=\"has-inline-color has-blue-color\">T\u00edtulo:<\/span> <strong>BRIACC.<\/strong> Behavior rating instrument for autistic and other atypical children. (1991)<\/p>\n\n\n\n<p><span class=\"has-inline-color has-blue-color\">\u00c1mbitos Valorados. \u00cdndices y subescalas:<\/span> valora:<\/p>\n\n\n\n<ul><li>Relaci\u00f3n con un adulto<\/li><li>Comunicaci\u00f3n<\/li><li>Conducir por la maestr\u00eda<\/li><li>Vocalizaci\u00f3n y habla expresiva<\/li><li>Recepci\u00f3n de sonido y voz<\/li><li>Capacidad de respuesta social<\/li><li>Desarrollo psicobiol\u00f3gico<\/li><li>Dos escalas adicionales eval\u00faan la comunicaci\u00f3n no oral<\/li><\/ul>\n\n\n\n<p><span class=\"has-inline-color has-blue-color\">Intervalos de edad:<\/span> todas las edades<\/p>\n\n\n\n<p><span class=\"has-inline-color has-blue-color\">Modalidad de aplicaci\u00f3n:<\/span> individual<\/p>\n\n\n\n<p><span class=\"has-inline-color has-blue-color\">Tiempo de aplicaci\u00f3n:<\/span> Sin tiempo, observacional<\/p>\n\n\n\n<p><span class=\"has-inline-color has-blue-color\">Observaciones:<\/span> Esta en Ingl\u00e9s en su totalidad<\/p>\n\n\n\n<p><span class=\"has-inline-color has-blue-color\"><a href=\"https:\/\/www.stoeltingco.com\/behavior-rating-instrument-autistic-children-2-briaac-2.html\" target=\"_blank\" rel=\"noreferrer noopener\">M\u00c1S INFORMACI\u00d3N<\/a><\/span><\/p>\n","protected":false},"excerpt":{"rendered":"<p>T\u00edtulo: BRIACC. Behavior rating instrument for autistic and other atypical children. (1991) \u00c1mbitos Valorados. \u00cdndices y subescalas: valora: Relaci\u00f3n con un adulto Comunicaci\u00f3n Conducir por la maestr\u00eda Vocalizaci\u00f3n y habla expresiva Recepci\u00f3n de sonido y voz Capacidad de respuesta social &hellip; <a href=\"https:\/\/creena.educacion.navarra.es\/web\/pruebas-psicopedagogicas\/2020\/11\/20\/briacc\/\">Sigue leyendo <span class=\"meta-nav\">&rarr;<\/span><\/a><\/p>\n","protected":false},"author":1,"featured_media":0,"comment_status":"closed","ping_status":"","sticky":false,"template":"","format":"standard","meta":[],"categories":[45],"tags":[],"_links":{"self":[{"href":"https:\/\/creena.educacion.navarra.es\/web\/pruebas-psicopedagogicas\/wp-json\/wp\/v2\/posts\/840"}],"collection":[{"href":"https:\/\/creena.educacion.navarra.es\/web\/pruebas-psicopedagogicas\/wp-json\/wp\/v2\/posts"}],"about":[{"href":"https:\/\/creena.educacion.navarra.es\/web\/pruebas-psicopedagogicas\/wp-json\/wp\/v2\/types\/post"}],"author":[{"embeddable":true,"href":"https:\/\/creena.educacion.navarra.es\/web\/pruebas-psicopedagogicas\/wp-json\/wp\/v2\/users\/1"}],"replies":[{"embeddable":true,"href":"https:\/\/creena.educacion.navarra.es\/web\/pruebas-psicopedagogicas\/wp-json\/wp\/v2\/comments?post=840"}],"version-history":[{"count":1,"href":"https:\/\/creena.educacion.navarra.es\/web\/pruebas-psicopedagogicas\/wp-json\/wp\/v2\/posts\/840\/revisions"}],"predecessor-version":[{"id":863,"href":"https:\/\/creena.educacion.navarra.es\/web\/pruebas-psicopedagogicas\/wp-json\/wp\/v2\/posts\/840\/revisions\/863"}],"wp:attachment":[{"href":"https:\/\/creena.educacion.navarra.es\/web\/pruebas-psicopedagogicas\/wp-json\/wp\/v2\/media?parent=840"}],"wp:term":[{"taxonomy":"category","embeddable":true,"href":"https:\/\/creena.educacion.navarra.es\/web\/pruebas-psicopedagogicas\/wp-json\/wp\/v2\/categories?post=840"},{"taxonomy":"post_tag","embeddable":true,"href":"https:\/\/creena.educacion.navarra.es\/web\/pruebas-psicopedagogicas\/wp-json\/wp\/v2\/tags?post=840"}],"curies":[{"name":"wp","href":"https:\/\/api.w.org\/{rel}","templated":true}]}}