{"id":857,"date":"2020-11-20T12:08:33","date_gmt":"2020-11-20T12:08:33","guid":{"rendered":"https:\/\/creena.educacion.navarra.es\/web\/pruebas-psicopedagogicas\/?p=857"},"modified":"2020-11-20T12:08:33","modified_gmt":"2020-11-20T12:08:33","slug":"scq","status":"publish","type":"post","link":"https:\/\/creena.educacion.navarra.es\/web\/pruebas-psicopedagogicas\/2020\/11\/20\/scq\/","title":{"rendered":"SCQ"},"content":{"rendered":"\n<div class=\"wp-block-image\"><figure class=\"aligncenter size-large is-resized\"><img loading=\"lazy\" src=\"https:\/\/creena.educacion.navarra.es\/web\/pruebas-psicopedagogicas\/wp-content\/uploads\/sites\/9\/2020\/11\/SCQ-11.jpg\" alt=\"\" class=\"wp-image-866\" width=\"165\" height=\"233\" srcset=\"https:\/\/creena.educacion.navarra.es\/web\/pruebas-psicopedagogicas\/wp-content\/uploads\/sites\/9\/2020\/11\/SCQ-11.jpg 283w, https:\/\/creena.educacion.navarra.es\/web\/pruebas-psicopedagogicas\/wp-content\/uploads\/sites\/9\/2020\/11\/SCQ-11-212x300.jpg 212w\" sizes=\"(max-width: 165px) 100vw, 165px\" \/><\/figure><\/div>\n\n\n\n<p><span class=\"has-inline-color has-blue-color\">T\u00edtulo:<\/span> SCQ.  Cuestionario de comunicaci\u00f3n social. Manual. (M. Rutter, A. Bailey y C. Lord<strong>, <\/strong>2005)<\/p>\n\n\n\n<p><span class=\"has-inline-color has-blue-color\">\u00c1mbitos Valorados. \u00cdndices y subescalas:<\/span> Breve instrumento de evaluaci\u00f3n destinado al screening de los trastornos del espectro autista, mediante observaci\u00f3n de la conducta del ni\u00f1o. Un medio efectivo, r\u00e1pido y econ\u00f3mico de determinar la posible presencia de\u00a0trastornos del espectro autista.<\/p>\n\n\n\n<p><span class=\"has-inline-color has-blue-color\">Intervalos de edad:<\/span> A partir de 4 a\u00f1os<\/p>\n\n\n\n<p><span class=\"has-inline-color has-blue-color\">Modalidad de aplicaci\u00f3n:<\/span> Individual y colectiva.<\/p>\n\n\n\n<p><span class=\"has-inline-color has-blue-color\">Tiempo de aplicaci\u00f3n:<\/span> 10` y 15`<\/p>\n\n\n\n<p><span class=\"has-inline-color has-blue-color\">Observaciones:<\/span> Proporciona una puntuaci\u00f3n total y tres posibles puntuaciones adicionales (Problemas de interacci\u00f3n social,\u00a0Dificultades de comunicaci\u00f3n y Conducta restringida, repetitiva y estereotipada)<\/p>\n\n\n\n<p><span class=\"has-inline-color has-blue-color\"><a href=\"http:\/\/web.teaediciones.com\/scq-cuestionario-de-comunicacion-social.aspx\" target=\"_blank\" rel=\"noreferrer noopener\">M\u00c1S INFORMACI\u00d3N<\/a><\/span><\/p>\n","protected":false},"excerpt":{"rendered":"<p>T\u00edtulo: SCQ. Cuestionario de comunicaci\u00f3n social. Manual. (M. Rutter, A. Bailey y C. Lord, 2005) \u00c1mbitos Valorados. \u00cdndices y subescalas: Breve instrumento de evaluaci\u00f3n destinado al screening de los trastornos del espectro autista, mediante observaci\u00f3n de la conducta del ni\u00f1o. &hellip; <a href=\"https:\/\/creena.educacion.navarra.es\/web\/pruebas-psicopedagogicas\/2020\/11\/20\/scq\/\">Sigue leyendo <span class=\"meta-nav\">&rarr;<\/span><\/a><\/p>\n","protected":false},"author":1,"featured_media":0,"comment_status":"closed","ping_status":"","sticky":false,"template":"","format":"standard","meta":[],"categories":[45],"tags":[],"_links":{"self":[{"href":"https:\/\/creena.educacion.navarra.es\/web\/pruebas-psicopedagogicas\/wp-json\/wp\/v2\/posts\/857"}],"collection":[{"href":"https:\/\/creena.educacion.navarra.es\/web\/pruebas-psicopedagogicas\/wp-json\/wp\/v2\/posts"}],"about":[{"href":"https:\/\/creena.educacion.navarra.es\/web\/pruebas-psicopedagogicas\/wp-json\/wp\/v2\/types\/post"}],"author":[{"embeddable":true,"href":"https:\/\/creena.educacion.navarra.es\/web\/pruebas-psicopedagogicas\/wp-json\/wp\/v2\/users\/1"}],"replies":[{"embeddable":true,"href":"https:\/\/creena.educacion.navarra.es\/web\/pruebas-psicopedagogicas\/wp-json\/wp\/v2\/comments?post=857"}],"version-history":[{"count":1,"href":"https:\/\/creena.educacion.navarra.es\/web\/pruebas-psicopedagogicas\/wp-json\/wp\/v2\/posts\/857\/revisions"}],"predecessor-version":[{"id":867,"href":"https:\/\/creena.educacion.navarra.es\/web\/pruebas-psicopedagogicas\/wp-json\/wp\/v2\/posts\/857\/revisions\/867"}],"wp:attachment":[{"href":"https:\/\/creena.educacion.navarra.es\/web\/pruebas-psicopedagogicas\/wp-json\/wp\/v2\/media?parent=857"}],"wp:term":[{"taxonomy":"category","embeddable":true,"href":"https:\/\/creena.educacion.navarra.es\/web\/pruebas-psicopedagogicas\/wp-json\/wp\/v2\/categories?post=857"},{"taxonomy":"post_tag","embeddable":true,"href":"https:\/\/creena.educacion.navarra.es\/web\/pruebas-psicopedagogicas\/wp-json\/wp\/v2\/tags?post=857"}],"curies":[{"name":"wp","href":"https:\/\/api.w.org\/{rel}","templated":true}]}}