{"id":86,"date":"2020-10-20T09:09:45","date_gmt":"2020-10-20T09:09:45","guid":{"rendered":"https:\/\/creena.educacion.navarra.es\/web\/pruebas-psicopedagogicas\/?p=86"},"modified":"2023-11-07T12:27:04","modified_gmt":"2023-11-07T12:27:04","slug":"emans","status":"publish","type":"post","link":"https:\/\/creena.educacion.navarra.es\/web\/pruebas-psicopedagogicas\/2020\/10\/20\/emans\/","title":{"rendered":"EMANS"},"content":{"rendered":"\n<div class=\"wp-block-image\"><figure class=\"aligncenter size-large is-resized\"><img loading=\"lazy\" src=\"https:\/\/creena.educacion.navarra.es\/web\/pruebas-psicopedagogicas\/wp-content\/uploads\/sites\/9\/2020\/10\/EMANS.png\" alt=\"\" class=\"wp-image-98\" width=\"195\" height=\"278\"\/><\/figure><\/div>\n\n\n\n<p><mark style=\"background-color:rgba(0, 0, 0, 0)\" class=\"has-inline-color has-blue-color\">T\u00edtulo:<\/mark>  <strong>EMANS<\/strong>. Escala Magallanes de Ansiedad (Garc\u00eda y Magaz. 1998)<\/p>\n\n\n\n<p><mark style=\"background-color:rgba(0, 0, 0, 0)\" class=\"has-inline-color has-blue-color\">Correcci\u00f3n<\/mark>: manual<\/p>\n\n\n\n<p><mark style=\"background-color:rgba(0, 0, 0, 0)\" class=\"has-inline-color has-blue-color\">\u00c1mbitos Valorados. \u00cdndices y subescalas:<\/mark> Intensidad de las respuestas fisiol\u00f3gicas a la ansiedad<\/p>\n\n\n\n<p><mark style=\"background-color:rgba(0, 0, 0, 0)\" class=\"has-inline-color has-blue-color\">Intervalos de edad:<\/mark> > 12 a\u00f1os<\/p>\n\n\n\n<p><mark style=\"background-color:rgba(0, 0, 0, 0)\" class=\"has-inline-color has-blue-color\">Modalidad de aplicaci\u00f3n:<\/mark> Individual o colectiva<\/p>\n\n\n\n<p><mark style=\"background-color:rgba(0, 0, 0, 0)\" class=\"has-inline-color has-blue-color\">Tiempo de aplicaci\u00f3n:<\/mark> 5`- 10`<\/p>\n\n\n\n<p><mark style=\"background-color:rgba(0, 0, 0, 0)\" class=\"has-inline-color has-blue-color\">Observaciones:<\/mark> Cuestionario. Puntuaciones directas ponderadas y centiles Correcci\u00f3n a trav\u00e9s de diskette<\/p>\n\n\n\n<p><mark style=\"background-color:rgba(0, 0, 0, 0)\" class=\"has-inline-color has-blue-color\"><a rel=\"noreferrer noopener\" href=\"http:\/\/www.gac.com.es\/editorial\/INFO\/Manuales\/emansMANU.pdf\" target=\"_blank\">MAS INFORMACI\u00d3N<\/a><\/mark><\/p>\n","protected":false},"excerpt":{"rendered":"<p>T\u00edtulo: EMANS. Escala Magallanes de Ansiedad (Garc\u00eda y Magaz. 1998) Correcci\u00f3n: manual \u00c1mbitos Valorados. \u00cdndices y subescalas: Intensidad de las respuestas fisiol\u00f3gicas a la ansiedad Intervalos de edad: > 12 a\u00f1os Modalidad de aplicaci\u00f3n: Individual o colectiva Tiempo de aplicaci\u00f3n: &hellip; <a href=\"https:\/\/creena.educacion.navarra.es\/web\/pruebas-psicopedagogicas\/2020\/10\/20\/emans\/\">Sigue leyendo <span class=\"meta-nav\">&rarr;<\/span><\/a><\/p>\n","protected":false},"author":1,"featured_media":0,"comment_status":"closed","ping_status":"closed","sticky":false,"template":"","format":"standard","meta":[],"categories":[5],"tags":[],"_links":{"self":[{"href":"https:\/\/creena.educacion.navarra.es\/web\/pruebas-psicopedagogicas\/wp-json\/wp\/v2\/posts\/86"}],"collection":[{"href":"https:\/\/creena.educacion.navarra.es\/web\/pruebas-psicopedagogicas\/wp-json\/wp\/v2\/posts"}],"about":[{"href":"https:\/\/creena.educacion.navarra.es\/web\/pruebas-psicopedagogicas\/wp-json\/wp\/v2\/types\/post"}],"author":[{"embeddable":true,"href":"https:\/\/creena.educacion.navarra.es\/web\/pruebas-psicopedagogicas\/wp-json\/wp\/v2\/users\/1"}],"replies":[{"embeddable":true,"href":"https:\/\/creena.educacion.navarra.es\/web\/pruebas-psicopedagogicas\/wp-json\/wp\/v2\/comments?post=86"}],"version-history":[{"count":2,"href":"https:\/\/creena.educacion.navarra.es\/web\/pruebas-psicopedagogicas\/wp-json\/wp\/v2\/posts\/86\/revisions"}],"predecessor-version":[{"id":1261,"href":"https:\/\/creena.educacion.navarra.es\/web\/pruebas-psicopedagogicas\/wp-json\/wp\/v2\/posts\/86\/revisions\/1261"}],"wp:attachment":[{"href":"https:\/\/creena.educacion.navarra.es\/web\/pruebas-psicopedagogicas\/wp-json\/wp\/v2\/media?parent=86"}],"wp:term":[{"taxonomy":"category","embeddable":true,"href":"https:\/\/creena.educacion.navarra.es\/web\/pruebas-psicopedagogicas\/wp-json\/wp\/v2\/categories?post=86"},{"taxonomy":"post_tag","embeddable":true,"href":"https:\/\/creena.educacion.navarra.es\/web\/pruebas-psicopedagogicas\/wp-json\/wp\/v2\/tags?post=86"}],"curies":[{"name":"wp","href":"https:\/\/api.w.org\/{rel}","templated":true}]}}