{"id":925,"date":"2020-11-25T12:58:46","date_gmt":"2020-11-25T12:58:46","guid":{"rendered":"https:\/\/creena.educacion.navarra.es\/web\/pruebas-psicopedagogicas\/?p=925"},"modified":"2020-11-25T12:58:46","modified_gmt":"2020-11-25T12:58:46","slug":"ave","status":"publish","type":"post","link":"https:\/\/creena.educacion.navarra.es\/web\/pruebas-psicopedagogicas\/2020\/11\/25\/ave\/","title":{"rendered":"AVE"},"content":{"rendered":"\n<div class=\"wp-block-image\"><figure class=\"aligncenter size-large\"><img loading=\"lazy\" width=\"137\" height=\"194\" src=\"https:\/\/creena.educacion.navarra.es\/web\/pruebas-psicopedagogicas\/wp-content\/uploads\/sites\/9\/2020\/11\/ave.gif\" alt=\"\" class=\"wp-image-942\"\/><\/figure><\/div>\n\n\n\n<p><span class=\"has-inline-color has-blue-color\">T\u00edtulo:<\/span> <strong>AVE.<\/strong> Acoso y violencia escolar (I. Pi\u00f1uel y A. O\u00f1ate,<strong> <\/strong>2006)<\/p>\n\n\n\n<p><span class=\"has-inline-color has-blue-color\">\u00c1mbitos Valorados. \u00cdndices y subescalas:<\/span> Herramienta para prevenir, identificar, tratar y diagnosticar el acoso (bullying), el maltrato escolar y los da\u00f1os psicol\u00f3gicos m\u00e1s frecuentemente asociados a estas conductas<\/p>\n\n\n\n<p><span class=\"has-inline-color has-blue-color\">Intervalos de edad:<\/span> De 7 a 18 a\u00f1os (de 2\u00ba de Primaria a 2\u00ba de Bachillerato)<\/p>\n\n\n\n<p><span class=\"has-inline-color has-blue-color\">Modalidad de aplicaci\u00f3n:<\/span> Individual y colectiva.<\/p>\n\n\n\n<p><span class=\"has-inline-color has-blue-color\">Tiempo de aplicaci\u00f3n:<\/span> 25`-35<\/p>\n\n\n\n<p><span class=\"has-inline-color has-blue-color\">Observaciones:<\/span> 22 indicadores:<\/p>\n\n\n\n<ul><li>2 \u00edndices globales:\u00a0\u00edndice Global de Acoso e Intensidad del Acoso<\/li><li>8 indicadores del acoso y la violencia escolar:\u00a0Hostigamiento, Intimidaci\u00f3n, Amenazas a la Integridad, Coacciones, Bloqueo Social, etc.<\/li><li>4 factores globales de acoso:\u00a0Hostigamiento, Intimidaci\u00f3n, Exclusi\u00f3n y Agresiones<\/li><li>8 escalas cl\u00ednicas\u00a0que complementan la evaluaci\u00f3n de la situaci\u00f3n de acoso y violencia mediante la medici\u00f3n y el diagn\u00f3stico de los posibles da\u00f1os en la esfera emocional y afectiva.<\/li><li>1\u00a0escala de contradicciones\u00a0que mide la tendencia del sujeto a contradecirse en las preguntas <\/li><\/ul>\n\n\n\n<p><span class=\"has-inline-color has-blue-color\"><a href=\"http:\/\/web.teaediciones.com\/AVE--ACOSO-Y-VIOLENCIA-ESCOLAR.aspx\" target=\"_blank\" rel=\"noreferrer noopener\">M\u00c1S INFORMACI\u00d3N<\/a><\/span><\/p>\n","protected":false},"excerpt":{"rendered":"<p>T\u00edtulo: AVE. Acoso y violencia escolar (I. Pi\u00f1uel y A. O\u00f1ate, 2006) \u00c1mbitos Valorados. \u00cdndices y subescalas: Herramienta para prevenir, identificar, tratar y diagnosticar el acoso (bullying), el maltrato escolar y los da\u00f1os psicol\u00f3gicos m\u00e1s frecuentemente asociados a estas conductas &hellip; <a href=\"https:\/\/creena.educacion.navarra.es\/web\/pruebas-psicopedagogicas\/2020\/11\/25\/ave\/\">Sigue leyendo <span class=\"meta-nav\">&rarr;<\/span><\/a><\/p>\n","protected":false},"author":1,"featured_media":0,"comment_status":"closed","ping_status":"","sticky":false,"template":"","format":"standard","meta":[],"categories":[43],"tags":[],"_links":{"self":[{"href":"https:\/\/creena.educacion.navarra.es\/web\/pruebas-psicopedagogicas\/wp-json\/wp\/v2\/posts\/925"}],"collection":[{"href":"https:\/\/creena.educacion.navarra.es\/web\/pruebas-psicopedagogicas\/wp-json\/wp\/v2\/posts"}],"about":[{"href":"https:\/\/creena.educacion.navarra.es\/web\/pruebas-psicopedagogicas\/wp-json\/wp\/v2\/types\/post"}],"author":[{"embeddable":true,"href":"https:\/\/creena.educacion.navarra.es\/web\/pruebas-psicopedagogicas\/wp-json\/wp\/v2\/users\/1"}],"replies":[{"embeddable":true,"href":"https:\/\/creena.educacion.navarra.es\/web\/pruebas-psicopedagogicas\/wp-json\/wp\/v2\/comments?post=925"}],"version-history":[{"count":1,"href":"https:\/\/creena.educacion.navarra.es\/web\/pruebas-psicopedagogicas\/wp-json\/wp\/v2\/posts\/925\/revisions"}],"predecessor-version":[{"id":943,"href":"https:\/\/creena.educacion.navarra.es\/web\/pruebas-psicopedagogicas\/wp-json\/wp\/v2\/posts\/925\/revisions\/943"}],"wp:attachment":[{"href":"https:\/\/creena.educacion.navarra.es\/web\/pruebas-psicopedagogicas\/wp-json\/wp\/v2\/media?parent=925"}],"wp:term":[{"taxonomy":"category","embeddable":true,"href":"https:\/\/creena.educacion.navarra.es\/web\/pruebas-psicopedagogicas\/wp-json\/wp\/v2\/categories?post=925"},{"taxonomy":"post_tag","embeddable":true,"href":"https:\/\/creena.educacion.navarra.es\/web\/pruebas-psicopedagogicas\/wp-json\/wp\/v2\/tags?post=925"}],"curies":[{"name":"wp","href":"https:\/\/api.w.org\/{rel}","templated":true}]}}