{"id":176,"date":"2017-09-29T11:59:55","date_gmt":"2017-09-29T11:59:55","guid":{"rendered":"http:\/\/creena.educacion.navarra.es\/web\/recursose\/?p=176"},"modified":"2018-05-02T07:35:10","modified_gmt":"2018-05-02T07:35:10","slug":"pictoaplicaciones","status":"publish","type":"post","link":"https:\/\/creena.educacion.navarra.es\/web\/recursose\/2017\/09\/29\/pictoaplicaciones\/","title":{"rendered":"Pictoaplicaciones"},"content":{"rendered":"<p><img loading=\"lazy\" class=\"aligncenter wp-image-177 size-full\" src=\"http:\/\/creena.educacion.navarra.es\/web\/recursose\/wp-content\/uploads\/sites\/4\/2017\/09\/pictoaplicaciones.jpg\" alt=\"Imagen Pictoaplicaciones\" width=\"320\" height=\"119\" srcset=\"https:\/\/creena.educacion.navarra.es\/web\/recursose\/wp-content\/uploads\/sites\/4\/2017\/09\/pictoaplicaciones.jpg 320w, https:\/\/creena.educacion.navarra.es\/web\/recursose\/wp-content\/uploads\/sites\/4\/2017\/09\/pictoaplicaciones-300x112.jpg 300w\" sizes=\"(max-width: 320px) 100vw, 320px\" \/><\/p>\n<p><b>Pictoaplicaciones<\/b>\u00a0surge con el fin de ayudar a personas\u00a0que tienen\u00a0<strong>dificultades de expresi\u00f3n mediante el lenguaje oral<\/strong>, a progresar en su comunicaci\u00f3n y comprensi\u00f3n de conocimientos, a trav\u00e9s de aplicaciones\u00a0<strong>desarrolladas con pictogramas<\/strong>.<!--more--><\/p>\n<p>Intentamos que nuestras aplicaciones sean lo m\u00e1s intuitivas posibles para el usuario, sin que haya que leer complejos manuales para su utilizaci\u00f3n y d\u00e1ndole la mayor\u00a0<strong>importancia al mensaje que se quiere transmitir<\/strong>, para que llegue al receptor de una manera n\u00edtida y directa.<\/p>\n<p>Las aplicaciones est\u00e1n pensadas para que se pueda\u00a0<strong>acceder a ellas en cualquier momento y en cualquier lugar<\/strong>, sin perder tiempo, que pueden ser manejadas por personas que no tengan grandes conocimientos inform\u00e1ticos y que ayuden, de forma general, a\u00a0<strong>avanzar en la comprensi\u00f3n y la comunicaci\u00f3n diaria<\/strong>.<\/p>\n<p>Todos nuestros proyectos procuran ser lo m\u00e1s visualmente atractivos posible, para que aumente el inter\u00e9s por la actividad, pero sin incluir distracciones en el proceso, para que\u00a0<strong>el mensaje llegue siempre lo m\u00e1s claro posible<\/strong>.<\/p>\n<p>Desarrollamos proyectos pensados para la\u00a0<strong>comunicaci\u00f3n de padres y profesionales<\/strong>, con personas que tienen\u00a0<strong>dificultades de expresi\u00f3n con el lenguaje oral<\/strong>, que\u00a0<strong>comprenden y se comunican mejor con pictogramas\u00a0<\/strong>(PICTOTRADUCTOR). Hemos desarrollado un proyecto para la\u00a0<strong>comprensi\u00f3n de vocabulario<\/strong>, clasificado en varias categor\u00edas a trav\u00e9s de\u00a0<strong>pictogramas, locuciones y sonidos<\/strong>\u00a0(PICTOSONIDOS), estamos desarrollando una\u00a0<strong>agenda para el d\u00eda a d\u00eda<\/strong>\u00a0para personas que se comunican con pictogramas (PICTOAGENDA), un\u00a0<strong>organizador mediante horas para todas las tareas del d\u00eda<\/strong>\u00a0y con posibilidad de consultar eventos o tareas pasadas o futuras (PICTOHORARIOS), una\u00a0<strong>aplicaci\u00f3n con narraciones de cuentos cl\u00e1sicos<\/strong>\u00a0a trav\u00e9s de pictogramas y atractivas ilustraciones animadas (PICTOCUENTOS) y\u00a0<strong>tenemos en mente m\u00e1s ideas<\/strong>\u00a0que iremos desarrollando con el tiempo si seguimos disponiendo de los medios necesarios.<\/p>\n<div id=\"attachment_179\" style=\"width: 1225px\" class=\"wp-caption aligncenter\"><img aria-describedby=\"caption-attachment-179\" loading=\"lazy\" class=\"wp-image-179 size-full\" title=\"Pictoaplicaciones\" src=\"http:\/\/creena.educacion.navarra.es\/web\/recursose\/wp-content\/uploads\/sites\/4\/2017\/09\/www.pictoaplicaciones.com-2017-09-29-12-55-06-113.png\" alt=\"Imagen pictoaplicaciones II\" width=\"1215\" height=\"515\" srcset=\"https:\/\/creena.educacion.navarra.es\/web\/recursose\/wp-content\/uploads\/sites\/4\/2017\/09\/www.pictoaplicaciones.com-2017-09-29-12-55-06-113.png 1215w, https:\/\/creena.educacion.navarra.es\/web\/recursose\/wp-content\/uploads\/sites\/4\/2017\/09\/www.pictoaplicaciones.com-2017-09-29-12-55-06-113-300x127.png 300w, https:\/\/creena.educacion.navarra.es\/web\/recursose\/wp-content\/uploads\/sites\/4\/2017\/09\/www.pictoaplicaciones.com-2017-09-29-12-55-06-113-768x326.png 768w, https:\/\/creena.educacion.navarra.es\/web\/recursose\/wp-content\/uploads\/sites\/4\/2017\/09\/www.pictoaplicaciones.com-2017-09-29-12-55-06-113-1024x434.png 1024w\" sizes=\"(max-width: 1215px) 100vw, 1215px\" \/><p id=\"caption-attachment-179\" class=\"wp-caption-text\">Fuente: http:\/\/www.pictoaplicaciones.com\/<\/p><\/div>\n<p>Esperamos que nuestras aplicaciones sean \u00fatiles y ayuden a mejorar un poco la vida de las personas que necesitan\u00a0<strong>pictogramas como alternativa de comunicaci\u00f3n<\/strong>.<\/p>\n<p>Todas las aplicaciones son\u00a0<strong>desarrolladas por Aplex Factory<\/strong>, la divisi\u00f3n para el desarrollo de aplicaciones propias de\u00a0<strong>Grupo Promedia SMPE<\/strong>\u00a0y compiladas en esta web de pictoaplicaciones.<\/p>\n<p>Si deseas m\u00e1s informaci\u00f3n sobre nuestros proyectos, sobre como desarrollar aplicaciones o cualquier otra consulta, puedes contactar con nosotros desde\u00a0<a title=\"Contactar\" href=\"http:\/\/www.grupopromedia.es\/contacto\">aqu\u00ed<\/a><\/p>\n","protected":false},"excerpt":{"rendered":"<p>Pictoaplicaciones\u00a0surge con el fin de ayudar a personas\u00a0que tienen\u00a0dificultades de expresi\u00f3n mediante el lenguaje oral, a progresar en su comunicaci\u00f3n y comprensi\u00f3n de conocimientos, a trav\u00e9s de aplicaciones\u00a0desarrolladas con pictogramas.<\/p>\n","protected":false},"author":1,"featured_media":0,"comment_status":"closed","ping_status":"open","sticky":false,"template":"","format":"standard","meta":[],"categories":[26,13,22,10,14,28,39,23,25],"tags":[],"_links":{"self":[{"href":"https:\/\/creena.educacion.navarra.es\/web\/recursose\/wp-json\/wp\/v2\/posts\/176"}],"collection":[{"href":"https:\/\/creena.educacion.navarra.es\/web\/recursose\/wp-json\/wp\/v2\/posts"}],"about":[{"href":"https:\/\/creena.educacion.navarra.es\/web\/recursose\/wp-json\/wp\/v2\/types\/post"}],"author":[{"embeddable":true,"href":"https:\/\/creena.educacion.navarra.es\/web\/recursose\/wp-json\/wp\/v2\/users\/1"}],"replies":[{"embeddable":true,"href":"https:\/\/creena.educacion.navarra.es\/web\/recursose\/wp-json\/wp\/v2\/comments?post=176"}],"version-history":[{"count":4,"href":"https:\/\/creena.educacion.navarra.es\/web\/recursose\/wp-json\/wp\/v2\/posts\/176\/revisions"}],"predecessor-version":[{"id":516,"href":"https:\/\/creena.educacion.navarra.es\/web\/recursose\/wp-json\/wp\/v2\/posts\/176\/revisions\/516"}],"wp:attachment":[{"href":"https:\/\/creena.educacion.navarra.es\/web\/recursose\/wp-json\/wp\/v2\/media?parent=176"}],"wp:term":[{"taxonomy":"category","embeddable":true,"href":"https:\/\/creena.educacion.navarra.es\/web\/recursose\/wp-json\/wp\/v2\/categories?post=176"},{"taxonomy":"post_tag","embeddable":true,"href":"https:\/\/creena.educacion.navarra.es\/web\/recursose\/wp-json\/wp\/v2\/tags?post=176"}],"curies":[{"name":"wp","href":"https:\/\/api.w.org\/{rel}","templated":true}]}}