{"id":242,"date":"2019-03-01T09:48:57","date_gmt":"2019-03-01T09:48:57","guid":{"rendered":"http:\/\/creena.educacion.navarra.es\/web\/recursose\/?p=242"},"modified":"2019-03-01T09:48:57","modified_gmt":"2019-03-01T09:48:57","slug":"viajando-con-las-mates","status":"publish","type":"post","link":"https:\/\/creena.educacion.navarra.es\/web\/recursose\/2019\/03\/01\/viajando-con-las-mates\/","title":{"rendered":"Viajando con las mates."},"content":{"rendered":"<p>De su gu\u00eda did\u00e1ctica destacamos lo siguiente:<\/p>\n<p>\u00abViajando con las mates\u00bb es un paquete interactivo de juegos did\u00e1cticos dirigidos a los alumnos del segundo ciclo de Educaci\u00f3n Infantil, especialmente a ni\u00f1os y ni\u00f1as de 4 y 5 a\u00f1os.<\/p>\n<div style=\"width: 330px\" class=\"wp-caption aligncenter\"><img loading=\"lazy\" src=\"https:\/\/2.bp.blogspot.com\/-Mjj44ChWwZY\/WeXEAWSYNrI\/AAAAAAAADW0\/O4Q0A8aFSVY7mqHLaxKa1jLQkLbuCy96gCEwYBhgL\/s320\/ma2.png\" alt=\"Viajando con las mates\" width=\"320\" height=\"169\" border=\"0\" data-original-height=\"297\" data-original-width=\"561\"><p class=\"wp-caption-text\"><a href=\"http:\/\/www.ramonlaporta.es\/jocsonline\/viajando%20con%20las%20mates\/menu.htm\">Fuente http:\/\/www.ramonlaporta.es<\/a><\/p><\/div>\n<p>De todos los contenidos curriculares, dos son las grandes capacidades a desarrollar en los alumnos con este material: las matem\u00e1ticas y el uso de la TIC como herramienta cotidiana en la escuela. Los objetivos did\u00e1cticos que se persigue conseguir son los siguientes:<\/p>\n<div><i>Desarrollar la noci\u00f3n de cantidad a partir de elementos significativos.<\/i><\/div>\n<div>\n<ul>\n<li><i>Utilizar el conteo a partir de la noci\u00f3n de orden en objetos conocidos y<\/i><\/li>\n<li><i>cotidianos.<\/i><\/li>\n<li><i>Conocer, representar y nombrar los n\u00fameros.<\/i><\/li>\n<li><i>Ordenar de menor a mayor.<\/i><\/li>\n<li><i>Realizar series num\u00e9ricas por medio de la adicci\u00f3n a la unidad.<\/i><\/li>\n<li><i>Asociar el n\u00famero cardinal a una determinada cantidad de elementos.<\/i><\/li>\n<li><i>Realizaci\u00f3n de estimaciones como un paso importante y previo a la&nbsp;<\/i><i>resoluci\u00f3n de problemas.<\/i><\/li>\n<li><i>Desarrollar la memoria y la atenci\u00f3n.<\/i><\/li>\n<li><i>Desarrollar el razonamiento y la percepci\u00f3n.<\/i><\/li>\n<li><i>Reconocer los conceptos: m\u00e1s que, menos que, igual que\u2026<\/i><\/li>\n<li><i>Desarrollar la orientaci\u00f3n espacial.<\/i><\/li>\n<li><i>Adquirir una progresiva competencia en el uso del ordenador.<\/i><\/li>\n<li><i>Familiarizarse con el uso de las nuevas tecnolog\u00edas.<\/i><\/li>\n<li><i>Iniciarse en el uso del teclado y rat\u00f3n.<\/i><\/li>\n<li><i>Ampliar el vocabulario referido a las TIC.<\/i><\/li>\n<\/ul>\n<p>La estructura general del recurso did\u00e1ctico se concreta es una serie de contenidos que abarcan diferentes niveles de abstracci\u00f3n, distribuidos de la siguiente manera:<\/p>\n<p>&nbsp;<\/p>\n<div style=\"width: 236px\" class=\"wp-caption aligncenter\"><img loading=\"lazy\" src=\"https:\/\/4.bp.blogspot.com\/-IAIrz6lE3lg\/WeXEAc6bN1I\/AAAAAAAADW8\/M8f5xgCIly47iNSBAk4ppp7Ronud0y5TgCLcBGAs\/s320\/ma3.png\" alt=\"Gu\u00eda did\u00e1ctica &quot;Viajamos con las mates&quot;\" width=\"226\" height=\"320\" border=\"0\" data-original-height=\"635\" data-original-width=\"450\"><p class=\"wp-caption-text\"><a href=\"http:\/\/www.ramonlaporta.es\/jocsonline\/viajando%20con%20las%20mates\/guia.pdf\">Fuente: Gu\u00eda Did\u00e1ctica de \u00abViajando con las mates\u00bb<\/a><\/p><\/div>\n<p>&nbsp;<\/p>\n<\/div>\n","protected":false},"excerpt":{"rendered":"<p>De su gu\u00eda did\u00e1ctica destacamos lo siguiente: \u00abViajando con las mates\u00bb es un paquete interactivo de juegos did\u00e1cticos dirigidos a los alumnos del segundo ciclo de Educaci\u00f3n Infantil, especialmente a ni\u00f1os y ni\u00f1as de 4 y 5 a\u00f1os. De todos &hellip; <a href=\"https:\/\/creena.educacion.navarra.es\/web\/recursose\/2019\/03\/01\/viajando-con-las-mates\/\">Sigue leyendo <span class=\"meta-nav\">&rarr;<\/span><\/a><\/p>\n","protected":false},"author":1,"featured_media":0,"comment_status":"closed","ping_status":"open","sticky":false,"template":"","format":"standard","meta":[],"categories":[47,22,48,16,28,39,23,25,49],"tags":[],"_links":{"self":[{"href":"https:\/\/creena.educacion.navarra.es\/web\/recursose\/wp-json\/wp\/v2\/posts\/242"}],"collection":[{"href":"https:\/\/creena.educacion.navarra.es\/web\/recursose\/wp-json\/wp\/v2\/posts"}],"about":[{"href":"https:\/\/creena.educacion.navarra.es\/web\/recursose\/wp-json\/wp\/v2\/types\/post"}],"author":[{"embeddable":true,"href":"https:\/\/creena.educacion.navarra.es\/web\/recursose\/wp-json\/wp\/v2\/users\/1"}],"replies":[{"embeddable":true,"href":"https:\/\/creena.educacion.navarra.es\/web\/recursose\/wp-json\/wp\/v2\/comments?post=242"}],"version-history":[{"count":5,"href":"https:\/\/creena.educacion.navarra.es\/web\/recursose\/wp-json\/wp\/v2\/posts\/242\/revisions"}],"predecessor-version":[{"id":575,"href":"https:\/\/creena.educacion.navarra.es\/web\/recursose\/wp-json\/wp\/v2\/posts\/242\/revisions\/575"}],"wp:attachment":[{"href":"https:\/\/creena.educacion.navarra.es\/web\/recursose\/wp-json\/wp\/v2\/media?parent=242"}],"wp:term":[{"taxonomy":"category","embeddable":true,"href":"https:\/\/creena.educacion.navarra.es\/web\/recursose\/wp-json\/wp\/v2\/categories?post=242"},{"taxonomy":"post_tag","embeddable":true,"href":"https:\/\/creena.educacion.navarra.es\/web\/recursose\/wp-json\/wp\/v2\/tags?post=242"}],"curies":[{"name":"wp","href":"https:\/\/api.w.org\/{rel}","templated":true}]}}