{"id":322,"date":"2018-11-28T11:23:45","date_gmt":"2018-11-28T11:23:45","guid":{"rendered":"http:\/\/creena.educacion.navarra.es\/web\/recursose\/?p=322"},"modified":"2018-11-28T11:23:45","modified_gmt":"2018-11-28T11:23:45","slug":"plaphoons-v939","status":"publish","type":"post","link":"https:\/\/creena.educacion.navarra.es\/web\/recursose\/2018\/11\/28\/plaphoons-v939\/","title":{"rendered":"Plaphoons v:939"},"content":{"rendered":"<p>Jordi Lagares ha hecho una nueva versi\u00f3n de su magn\u00edfico programa PLAPHOONS que lleva ayudando a la comunicaci\u00f3n de personas con discapacidad motriz desde el a\u00f1o 2000. En su constante proceso de mejora nos llega esta actualizaci\u00f3n que habr\u00e1 que estudiar. En el siguiente enlace podemos acceder al instalador de dicho producto, muchas gracias de nuevo a Jordi Lagares por esta magn\u00edfica aportaci\u00f3n.<\/p>\n<p><b><a href=\"http:\/\/bit.ly\/1H1zt8L\">Plaphoons v: 939<\/a><\/b><\/p>\n<p>&nbsp;<\/p>\n","protected":false},"excerpt":{"rendered":"<p>Jordi Lagares ha hecho una nueva versi\u00f3n de su magn\u00edfico programa PLAPHOONS que lleva ayudando a la comunicaci\u00f3n de personas con discapacidad motriz desde el a\u00f1o 2000. En su constante proceso de mejora nos llega esta actualizaci\u00f3n que habr\u00e1 que &hellip; <a href=\"https:\/\/creena.educacion.navarra.es\/web\/recursose\/2018\/11\/28\/plaphoons-v939\/\">Sigue leyendo <span class=\"meta-nav\">&rarr;<\/span><\/a><\/p>\n","protected":false},"author":1,"featured_media":0,"comment_status":"closed","ping_status":"open","sticky":false,"template":"","format":"standard","meta":[],"categories":[26,53,28,25,51],"tags":[],"_links":{"self":[{"href":"https:\/\/creena.educacion.navarra.es\/web\/recursose\/wp-json\/wp\/v2\/posts\/322"}],"collection":[{"href":"https:\/\/creena.educacion.navarra.es\/web\/recursose\/wp-json\/wp\/v2\/posts"}],"about":[{"href":"https:\/\/creena.educacion.navarra.es\/web\/recursose\/wp-json\/wp\/v2\/types\/post"}],"author":[{"embeddable":true,"href":"https:\/\/creena.educacion.navarra.es\/web\/recursose\/wp-json\/wp\/v2\/users\/1"}],"replies":[{"embeddable":true,"href":"https:\/\/creena.educacion.navarra.es\/web\/recursose\/wp-json\/wp\/v2\/comments?post=322"}],"version-history":[{"count":2,"href":"https:\/\/creena.educacion.navarra.es\/web\/recursose\/wp-json\/wp\/v2\/posts\/322\/revisions"}],"predecessor-version":[{"id":536,"href":"https:\/\/creena.educacion.navarra.es\/web\/recursose\/wp-json\/wp\/v2\/posts\/322\/revisions\/536"}],"wp:attachment":[{"href":"https:\/\/creena.educacion.navarra.es\/web\/recursose\/wp-json\/wp\/v2\/media?parent=322"}],"wp:term":[{"taxonomy":"category","embeddable":true,"href":"https:\/\/creena.educacion.navarra.es\/web\/recursose\/wp-json\/wp\/v2\/categories?post=322"},{"taxonomy":"post_tag","embeddable":true,"href":"https:\/\/creena.educacion.navarra.es\/web\/recursose\/wp-json\/wp\/v2\/tags?post=322"}],"curies":[{"name":"wp","href":"https:\/\/api.w.org\/{rel}","templated":true}]}}