{"id":371,"date":"2018-12-10T08:37:46","date_gmt":"2018-12-10T08:37:46","guid":{"rendered":"http:\/\/creena.educacion.navarra.es\/web\/recursose\/?p=371"},"modified":"2018-12-10T08:37:46","modified_gmt":"2018-12-10T08:37:46","slug":"headmouse","status":"publish","type":"post","link":"https:\/\/creena.educacion.navarra.es\/web\/recursose\/2018\/12\/10\/headmouse\/","title":{"rendered":"HeadMouse"},"content":{"rendered":"<p><a href=\"http:\/\/robotica.udl.cat\/headmouse.htm\" target=\"_blank\" rel=\"noopener\"><strong>HeadMouse<\/strong><\/a> es un rat\u00f3n virtual que permite el <span style=\"color: #0000ff;\">control del rat\u00f3n del ordenador mediante una webcam, los gestos faciales y los movimientos de la cabeza.\u00a0<span style=\"color: #000000;\">El funcionamiento del dispositivo se basa en la utilizaci\u00f3n de una c\u00e1mara de bajo coste para captar el movimiento de la cabeza del usuario delante de la pantalla. Las personas con discapacidad motriz acceden al control del <span style=\"color: #ff9900;\">rat\u00f3n\u00a0<span style=\"color: #000000;\">a trav\u00e9s de los movimientos de la cabeza con todas las funciones de \u00abarrastrar\u00bb incorporadas, mientras que las acciones faciales (abrir la boca o gui\u00f1ar los ojos) se convierten en diversas modalidades de \u00abclic\u00bb.<\/span><\/span><\/span><\/span><\/p>\n<p>El sistema incorpora un gran n\u00famero de innovaciones que facilitan el acceso a las tecnolog\u00edas de la informaci\u00f3n y la comunicaci\u00f3n. Mediante el uso de algoritmos de visi\u00f3n artificial desarrollados inicialmente para el \u00e1rea de la rob\u00f3tica m\u00f3vil,<span style=\"color: #0000ff;\"> el usuario con discapacidad motriz es capaz, sin ning\u00fan tipo de formaci\u00f3n o conocimiento previo, de utilizar de forma intuitiva y natural el HeadMouse<\/span>. Adem\u00e1s, una vez instalado el software, el usuario no requiere ning\u00fan tipo de ayuda para acceder a la configuraci\u00f3n ni para modificar los par\u00e1metros que ofrece el sistema, ya que las opciones de configuraci\u00f3n han sido dise\u00f1adas teniendo en cuenta las necesidades de las personas con discapacidad.<\/p>\n<p>El uso conjunto de HeadMouse y VirtualKeyboard permite que personas con movilidad reducida puedan hacer uso de estos dispositivos para utilizar un ordenador. Lamentablemente desde junio de 2017 se ha dejado de actualizar, aunque sigue siendo perfectamente funcional. Se encuentran disponibles para su descarga gratuita las nuevas versiones HeadMouse 4.4 y VirtualKeyboard 3.2.<\/p>\n<p>M\u00e1s all\u00e1 del n\u00famero de descargas, el verdadero \u00e9xito de ambas soluciones lo muestran las numerosas experiencias contadas en primera persona por los propios usuarios. Por ejemplo, actualmente, el doctor Gilson de Lima, experto brasile\u00f1o que lleva a cabo un programa con j\u00f3venes con discapacidad de escuelas y favelas de Natal en Brasil, est\u00e1 utilizando con ellos ambas soluciones obteniendo unos excelentes resultados. Incluso una joven de 18 a\u00f1os que naci\u00f3 con una par\u00e1lisis cerebral, que le impide hablar y por la que pr\u00e1cticamente no mov\u00eda la cabeza, ha conseguido comunicarse por primera vez en su vida mediante esta tecnolog\u00eda. Actualmente el doctor trabaja para incorporar este software a una silla de ruedas motorizada.<\/p>\n<p>V\u00eddeo<br \/>\n<iframe loading=\"lazy\" src=\"https:\/\/www.youtube.com\/embed\/9OeeX8csfUI\" width=\"480\" height=\"270\" frameborder=\"0\" allowfullscreen=\"allowfullscreen\"><\/iframe><\/p>\n<p>&nbsp;<\/p>\n","protected":false},"excerpt":{"rendered":"<p>HeadMouse es un rat\u00f3n virtual que permite el control del rat\u00f3n del ordenador mediante una webcam, los gestos faciales y los movimientos de la cabeza.\u00a0El funcionamiento del dispositivo se basa en la utilizaci\u00f3n de una c\u00e1mara de bajo coste para &hellip; <a href=\"https:\/\/creena.educacion.navarra.es\/web\/recursose\/2018\/12\/10\/headmouse\/\">Sigue leyendo <span class=\"meta-nav\">&rarr;<\/span><\/a><\/p>\n","protected":false},"author":1,"featured_media":0,"comment_status":"closed","ping_status":"open","sticky":false,"template":"","format":"standard","meta":[],"categories":[28,51],"tags":[],"_links":{"self":[{"href":"https:\/\/creena.educacion.navarra.es\/web\/recursose\/wp-json\/wp\/v2\/posts\/371"}],"collection":[{"href":"https:\/\/creena.educacion.navarra.es\/web\/recursose\/wp-json\/wp\/v2\/posts"}],"about":[{"href":"https:\/\/creena.educacion.navarra.es\/web\/recursose\/wp-json\/wp\/v2\/types\/post"}],"author":[{"embeddable":true,"href":"https:\/\/creena.educacion.navarra.es\/web\/recursose\/wp-json\/wp\/v2\/users\/1"}],"replies":[{"embeddable":true,"href":"https:\/\/creena.educacion.navarra.es\/web\/recursose\/wp-json\/wp\/v2\/comments?post=371"}],"version-history":[{"count":4,"href":"https:\/\/creena.educacion.navarra.es\/web\/recursose\/wp-json\/wp\/v2\/posts\/371\/revisions"}],"predecessor-version":[{"id":544,"href":"https:\/\/creena.educacion.navarra.es\/web\/recursose\/wp-json\/wp\/v2\/posts\/371\/revisions\/544"}],"wp:attachment":[{"href":"https:\/\/creena.educacion.navarra.es\/web\/recursose\/wp-json\/wp\/v2\/media?parent=371"}],"wp:term":[{"taxonomy":"category","embeddable":true,"href":"https:\/\/creena.educacion.navarra.es\/web\/recursose\/wp-json\/wp\/v2\/categories?post=371"},{"taxonomy":"post_tag","embeddable":true,"href":"https:\/\/creena.educacion.navarra.es\/web\/recursose\/wp-json\/wp\/v2\/tags?post=371"}],"curies":[{"name":"wp","href":"https:\/\/api.w.org\/{rel}","templated":true}]}}