{"id":404,"date":"2019-03-18T09:28:38","date_gmt":"2019-03-18T09:28:38","guid":{"rendered":"http:\/\/creena.educacion.navarra.es\/web\/recursose\/?p=404"},"modified":"2019-03-18T09:28:38","modified_gmt":"2019-03-18T09:28:38","slug":"el-proyect-emociones","status":"publish","type":"post","link":"https:\/\/creena.educacion.navarra.es\/web\/recursose\/2019\/03\/18\/el-proyect-emociones\/","title":{"rendered":"El Proyect@ Emociones"},"content":{"rendered":"<div style=\"text-align: right;\"><\/div>\n<p><img loading=\"lazy\" class=\"alignleft\" src=\"https:\/\/lh4.ggpht.com\/9eWbHg5C2kDrk3cIFhRUKryk7EVR_0eYLWpDiC_xhhPwjtBjNxbb_iLlpu4Kvb1qIlQ=w124\" alt=\"Proyecto emociones\" width=\"144\" height=\"144\" border=\"0\" \/>El\u00a0\u00a0<a href=\"https:\/\/play.google.com\/store\/apps\/details?id=air.Proyectoemociones&amp;feature=search_result#?t=W251bGwsMSwxLDEsImFpci5Qcm95ZWN0b2Vtb2Npb25lcyJd\" target=\"_blank\" rel=\"noopener noreferrer\"><strong>Proyect@ Emociones<\/strong><\/a>\u00a0<strong>Software<\/strong>\u00a0es una aplicaci\u00f3n que apoya al\u00a0<strong>desarrollo de la empat\u00eda<\/strong>\u00a0en los ni\u00f1os con<strong>Trastorno de Espectro Autista (TEA)<\/strong>, desarrollada para dispositivos con sistema operativo Android originalmente, pero tambi\u00e9n existe una versi\u00f3n para Windows del software. Puedes descargarla\u00a0<a href=\"https:\/\/play.google.com\/store\/apps\/details?id=air.Proyectoemociones&amp;feature=search_result#?t=W251bGwsMSwxLDEsImFpci5Qcm95ZWN0b2Vtb2Npb25lcyJd\" target=\"_blank\" rel=\"noopener noreferrer\">AQU\u00cd<\/a>. Sigue leyendo para ampliar informaci\u00f3n.<\/p>\n<div>\u00a0Se trata de una\u00a0<strong>aplicaci\u00f3n gratuita para Android<\/strong>,\u00a0 muy recomendable para trabajar las emociones b\u00e1sicas de los alumnos y alumnas con autismo, en el hogar y la escuela.<\/div>\n<div>Tiene varios niveles de complejidad que nos dan la orden de la acci\u00f3n a realizar. Puedes desarrollar tambi\u00e9n el manejo de la Tablet y la motricidad fina, en ocasiones debes pulsar y en otras arrastrar.<\/div>\n<div>Una actividad de m\u00e1s provecho al utilizar la aplicaci\u00f3n es realizar la imitaci\u00f3n de la emoci\u00f3n dada, de forma individual, por parejas y en grupo.<\/div>\n<div>Es muy divertido el mensaje y las im\u00e1genes que salen al realizar correctamente la actividad, los alumnos\/as lo disfrutan mucho y se motivan para seguir participando.<\/div>\n<div>En los diversos niveles se utilizan pictogramas y rostros de dibujos de ni\u00f1os y ni\u00f1as, por ello sirve tambi\u00e9n para discriminar el concepto de g\u00e9nero.<\/div>\n","protected":false},"excerpt":{"rendered":"<p>El\u00a0\u00a0Proyect@ Emociones\u00a0Software\u00a0es una aplicaci\u00f3n que apoya al\u00a0desarrollo de la empat\u00eda\u00a0en los ni\u00f1os conTrastorno de Espectro Autista (TEA), desarrollada para dispositivos con sistema operativo Android originalmente, pero tambi\u00e9n existe una versi\u00f3n para Windows del software. Puedes descargarla\u00a0AQU\u00cd. Sigue leyendo para ampliar &hellip; <a href=\"https:\/\/creena.educacion.navarra.es\/web\/recursose\/2019\/03\/18\/el-proyect-emociones\/\">Sigue leyendo <span class=\"meta-nav\">&rarr;<\/span><\/a><\/p>\n","protected":false},"author":1,"featured_media":0,"comment_status":"closed","ping_status":"open","sticky":false,"template":"","format":"standard","meta":[],"categories":[46,52,25,1],"tags":[],"_links":{"self":[{"href":"https:\/\/creena.educacion.navarra.es\/web\/recursose\/wp-json\/wp\/v2\/posts\/404"}],"collection":[{"href":"https:\/\/creena.educacion.navarra.es\/web\/recursose\/wp-json\/wp\/v2\/posts"}],"about":[{"href":"https:\/\/creena.educacion.navarra.es\/web\/recursose\/wp-json\/wp\/v2\/types\/post"}],"author":[{"embeddable":true,"href":"https:\/\/creena.educacion.navarra.es\/web\/recursose\/wp-json\/wp\/v2\/users\/1"}],"replies":[{"embeddable":true,"href":"https:\/\/creena.educacion.navarra.es\/web\/recursose\/wp-json\/wp\/v2\/comments?post=404"}],"version-history":[{"count":3,"href":"https:\/\/creena.educacion.navarra.es\/web\/recursose\/wp-json\/wp\/v2\/posts\/404\/revisions"}],"predecessor-version":[{"id":601,"href":"https:\/\/creena.educacion.navarra.es\/web\/recursose\/wp-json\/wp\/v2\/posts\/404\/revisions\/601"}],"wp:attachment":[{"href":"https:\/\/creena.educacion.navarra.es\/web\/recursose\/wp-json\/wp\/v2\/media?parent=404"}],"wp:term":[{"taxonomy":"category","embeddable":true,"href":"https:\/\/creena.educacion.navarra.es\/web\/recursose\/wp-json\/wp\/v2\/categories?post=404"},{"taxonomy":"post_tag","embeddable":true,"href":"https:\/\/creena.educacion.navarra.es\/web\/recursose\/wp-json\/wp\/v2\/tags?post=404"}],"curies":[{"name":"wp","href":"https:\/\/api.w.org\/{rel}","templated":true}]}}