{"id":421,"date":"2018-12-10T11:31:16","date_gmt":"2018-12-10T11:31:16","guid":{"rendered":"http:\/\/creena.educacion.navarra.es\/web\/recursose\/?p=421"},"modified":"2018-12-10T11:31:16","modified_gmt":"2018-12-10T11:31:16","slug":"lee-todo","status":"publish","type":"post","link":"https:\/\/creena.educacion.navarra.es\/web\/recursose\/2018\/12\/10\/lee-todo\/","title":{"rendered":"Lee todo"},"content":{"rendered":"<p><img loading=\"lazy\" class=\"alignleft size-medium wp-image-554\" src=\"http:\/\/creena.educacion.navarra.es\/web\/recursose\/wp-content\/uploads\/sites\/4\/2018\/04\/Pequen-300x79.png\" alt=\"\" width=\"300\" height=\"79\" srcset=\"https:\/\/creena.educacion.navarra.es\/web\/recursose\/wp-content\/uploads\/sites\/4\/2018\/04\/Pequen-300x79.png 300w, https:\/\/creena.educacion.navarra.es\/web\/recursose\/wp-content\/uploads\/sites\/4\/2018\/04\/Pequen-768x203.png 768w, https:\/\/creena.educacion.navarra.es\/web\/recursose\/wp-content\/uploads\/sites\/4\/2018\/04\/Pequen.png 881w\" sizes=\"(max-width: 300px) 100vw, 300px\" \/><br \/>\n<big><\/big><\/p>\n<dl>\n<dt><\/dt>\n<\/dl>\n<p>El software Pequ\u00e9n 4.0 es una obra multimedia, interactiva y parlante, dise\u00f1ado en Argentina para facilitar el acceso al mundo de la inform\u00e1tica a usuarios de todas las edades, con o sin discapacidad visual, intelectual, motora, trastornos del lenguaje, TGD y sordos.<\/p>\n<dl>\n<dt><b>Pequen brinda herramientas para:<\/b><\/dt>\n<dd>&#8211; aprender el uso del teclado, la escritura al tacto y la memorizaci\u00f3n de la ubicaci\u00f3n de los caracteres<\/dd>\n<dd>&#8211; automatizar la escritura con el teclado de manera \u00e1gil y mediante actividades l\u00fadicas<\/dd>\n<dd>&#8211; aprender y practicar la escritura en sistema braille a trav\u00e9s de un teclado braille virtual<\/dd>\n<dd><\/dd>\n<\/dl>\n<dl>\n<dt><b>Pequen se caracteriza por:<\/b><\/dt>\n<dd>&#8211; la accesibilidad y el uso de modo intuitivo<\/dd>\n<dd>&#8211; establecer una \u00f3ptima interacci\u00f3n usuario-software<\/dd>\n<dd>&#8211; estimular al usuario en todas las actividades que \u00e9l realice<\/dd>\n<dd>&#8211; personalizar las actividades de acuerdo a las necesidades del usuario<\/dd>\n<dd>&#8211; permitir la incorporaci\u00f3n de textos, notas de enciclopedia, im\u00e1genes, grabar o importar audio.<\/dd>\n<\/dl>\n<p>&nbsp;<\/p>\n","protected":false},"excerpt":{"rendered":"<p>El software Pequ\u00e9n 4.0 es una obra multimedia, interactiva y parlante, dise\u00f1ado en Argentina para facilitar el acceso al mundo de la inform\u00e1tica a usuarios de todas las edades, con o sin discapacidad visual, intelectual, motora, trastornos del lenguaje, TGD &hellip; <a href=\"https:\/\/creena.educacion.navarra.es\/web\/recursose\/2018\/12\/10\/lee-todo\/\">Sigue leyendo <span class=\"meta-nav\">&rarr;<\/span><\/a><\/p>\n","protected":false},"author":1,"featured_media":0,"comment_status":"closed","ping_status":"open","sticky":false,"template":"","format":"standard","meta":[],"categories":[52,10,53,42,23,27],"tags":[],"_links":{"self":[{"href":"https:\/\/creena.educacion.navarra.es\/web\/recursose\/wp-json\/wp\/v2\/posts\/421"}],"collection":[{"href":"https:\/\/creena.educacion.navarra.es\/web\/recursose\/wp-json\/wp\/v2\/posts"}],"about":[{"href":"https:\/\/creena.educacion.navarra.es\/web\/recursose\/wp-json\/wp\/v2\/types\/post"}],"author":[{"embeddable":true,"href":"https:\/\/creena.educacion.navarra.es\/web\/recursose\/wp-json\/wp\/v2\/users\/1"}],"replies":[{"embeddable":true,"href":"https:\/\/creena.educacion.navarra.es\/web\/recursose\/wp-json\/wp\/v2\/comments?post=421"}],"version-history":[{"count":3,"href":"https:\/\/creena.educacion.navarra.es\/web\/recursose\/wp-json\/wp\/v2\/posts\/421\/revisions"}],"predecessor-version":[{"id":556,"href":"https:\/\/creena.educacion.navarra.es\/web\/recursose\/wp-json\/wp\/v2\/posts\/421\/revisions\/556"}],"wp:attachment":[{"href":"https:\/\/creena.educacion.navarra.es\/web\/recursose\/wp-json\/wp\/v2\/media?parent=421"}],"wp:term":[{"taxonomy":"category","embeddable":true,"href":"https:\/\/creena.educacion.navarra.es\/web\/recursose\/wp-json\/wp\/v2\/categories?post=421"},{"taxonomy":"post_tag","embeddable":true,"href":"https:\/\/creena.educacion.navarra.es\/web\/recursose\/wp-json\/wp\/v2\/tags?post=421"}],"curies":[{"name":"wp","href":"https:\/\/api.w.org\/{rel}","templated":true}]}}