{"id":695,"date":"2022-11-24T13:02:22","date_gmt":"2022-11-24T13:02:22","guid":{"rendered":"https:\/\/creena.educacion.navarra.es\/web\/recursose\/?p=695"},"modified":"2022-11-25T07:43:09","modified_gmt":"2022-11-25T07:43:09","slug":"asterics-grid","status":"publish","type":"post","link":"https:\/\/creena.educacion.navarra.es\/web\/recursose\/2022\/11\/24\/asterics-grid\/","title":{"rendered":"AsTeRICS Grid"},"content":{"rendered":"\n<figure class=\"wp-block-image size-large is-resized is-style-default\"><img loading=\"lazy\" src=\"https:\/\/grid.asterics.eu\/app\/img\/asterics-grid-icon-raw.svg\" alt=\"Logo de Asterics grid\" width=\"317\" height=\"105\" \/><\/figure>\n\n\n\n<p>En la p\u00e1gina de ARASAAC ha aparecido este magn\u00edfico comunicador al que es imprescindible prestar atenci\u00f3n.<\/p>\n\n\n\n<p><strong>AsTeRICS Grid<\/strong>&nbsp;es un&nbsp;<strong>comunicador din\u00e1mico<\/strong>&nbsp;<strong>multiplataforma<\/strong>,&nbsp;<strong>gratuito y personalizable,<\/strong>&nbsp;que permite la utilizaci\u00f3n de&nbsp;<strong>pictogramas, im\u00e1genes y signos ortogr\u00e1ficos<\/strong>&nbsp;para&nbsp;<strong>facilitar la comunicaci\u00f3n<\/strong>&nbsp;<strong>y la participaci\u00f3n<\/strong>&nbsp;a todas las personas.<\/p>\n\n\n\n<p>Como&nbsp;<strong>producto de apoyo para la comunicaci\u00f3n, AsTeRICS Grid&nbsp;&nbsp;<\/strong>re\u00fane una serie de caracter\u00edsticas que lo convierten en una&nbsp;<strong>herramienta imprescindible<\/strong>&nbsp;para&nbsp;<strong>adecuar el comunicador a la persona<\/strong>, teniendo en cuenta su<strong>&nbsp;edad<\/strong>,&nbsp;<strong>intereses<\/strong>,&nbsp;<strong>capacidades<\/strong>&nbsp;y el&nbsp;<strong>entorno social<\/strong>&nbsp;en el que se desenvuelve y participa.<\/p>\n\n\n\n<p><strong>AsTeRICS Grid&nbsp;<\/strong>permite utilizar el<strong>&nbsp;lenguaje natural asistido<\/strong>&nbsp;como una&nbsp;<strong>metodolog\u00eda<\/strong>&nbsp;para favorecer el&nbsp;<strong>lenguaje mediante el modelado<\/strong>, donde&nbsp;<strong>el adulto<\/strong>&nbsp;<strong>interact\u00faa&nbsp;<\/strong>con el usuario\/a de CAA,&nbsp;<strong>apoyando su lenguaje oral en los pictogramas<\/strong>&nbsp;que se presentan en el sistema de comunicaci\u00f3n que hemos seleccionado.<\/p>\n\n\n\n<h2>Autores y colaboradores<\/h2>\n\n\n\n<p>El&nbsp;<strong>comunicador din\u00e1mico AsTeRICS Grid&nbsp;<\/strong>ha sido desarrollado inicialmente en la&nbsp;<strong>University of Applied Sciences Technikum Wien,&nbsp;<\/strong>dentro del&nbsp;<strong>proyecto ToRaDes<\/strong>, financiado por la ciudad de&nbsp;<strong>Viena<\/strong>&nbsp;(proyecto n\u00famero 18-04).<\/p>\n\n\n\n<p>En la actualidad, el desarrollo de&nbsp;&nbsp;<strong>AsTeRICS Gri<\/strong>d se realiza dentro del proyecto \u00ab<strong>Knowledge Hub for Accessible Technologies\u00bb<\/strong>&nbsp;<strong>(WBT),<\/strong>&nbsp;financiado por la ciudad de&nbsp;<strong>Viena<\/strong>&nbsp;(proyecto 26-02).<\/p>\n\n\n\n<p>Desde el a\u00f1o&nbsp;<strong>2022<\/strong>, el&nbsp;<strong>Centro Aragon\u00e9s para la Comunicaci\u00f3n Aumentativa y Alternativa ARASAAC<\/strong>&nbsp;colabora con&nbsp;<strong>AsTeRICS Grid<\/strong>, proporcionando asesoramiento en el&nbsp;<strong>desarrollo de la aplicaci\u00f3n<\/strong>&nbsp;y facilitando la&nbsp;<strong>utilizaci\u00f3n de la API de ARASAAC<\/strong>, que permite la b\u00fasqueda de los pictogramas, en tiempo real y la utilizaci\u00f3n de las mismas opciones de personalizaci\u00f3n que se utilizan en la web de&nbsp;<strong>ARASAAC<\/strong>&nbsp;.<\/p>\n\n\n\n<h2>Video de presentaci\u00f3n<\/h2>\n\n\n\n<figure class=\"wp-block-image size-large is-resized\"><a href=\"https:\/\/aulaabierta.arasaac.org\/wp-content\/uploads\/2022\/09\/Asterics_Grid_ARASAAC_Presentacion.mp4\"><img loading=\"lazy\" src=\"https:\/\/creena.educacion.navarra.es\/web\/recursose\/wp-content\/uploads\/sites\/4\/2022\/11\/asterics-1024x554.png\" alt=\"\" class=\"wp-image-698\" width=\"418\" height=\"226\" srcset=\"https:\/\/creena.educacion.navarra.es\/web\/recursose\/wp-content\/uploads\/sites\/4\/2022\/11\/asterics-1024x554.png 1024w, https:\/\/creena.educacion.navarra.es\/web\/recursose\/wp-content\/uploads\/sites\/4\/2022\/11\/asterics-300x162.png 300w, https:\/\/creena.educacion.navarra.es\/web\/recursose\/wp-content\/uploads\/sites\/4\/2022\/11\/asterics-768x415.png 768w, https:\/\/creena.educacion.navarra.es\/web\/recursose\/wp-content\/uploads\/sites\/4\/2022\/11\/asterics-1536x830.png 1536w, https:\/\/creena.educacion.navarra.es\/web\/recursose\/wp-content\/uploads\/sites\/4\/2022\/11\/asterics.png 1920w\" sizes=\"(max-width: 418px) 100vw, 418px\" \/><\/a><\/figure>\n\n\n\n<h2>Primeros pasos AsTeRICS Grid (video)<\/h2>\n\n\n\n<figure class=\"wp-block-image size-large is-resized\"><a href=\"https:\/\/www.youtube.com\/watch?v=s0nzN3vIkLc\"><img loading=\"lazy\" src=\"https:\/\/creena.educacion.navarra.es\/web\/recursose\/wp-content\/uploads\/sites\/4\/2022\/11\/asterics1.-png-1024x458.png\" alt=\"Imagen de un tablero de asterics\" class=\"wp-image-699\" width=\"512\" height=\"229\" srcset=\"https:\/\/creena.educacion.navarra.es\/web\/recursose\/wp-content\/uploads\/sites\/4\/2022\/11\/asterics1.-png-1024x458.png 1024w, https:\/\/creena.educacion.navarra.es\/web\/recursose\/wp-content\/uploads\/sites\/4\/2022\/11\/asterics1.-png-300x134.png 300w, https:\/\/creena.educacion.navarra.es\/web\/recursose\/wp-content\/uploads\/sites\/4\/2022\/11\/asterics1.-png-768x343.png 768w, https:\/\/creena.educacion.navarra.es\/web\/recursose\/wp-content\/uploads\/sites\/4\/2022\/11\/asterics1.-png-1536x686.png 1536w, https:\/\/creena.educacion.navarra.es\/web\/recursose\/wp-content\/uploads\/sites\/4\/2022\/11\/asterics1.-png.png 1920w\" sizes=\"(max-width: 512px) 100vw, 512px\" \/><\/a><\/figure>\n","protected":false},"excerpt":{"rendered":"<p>En la p\u00e1gina de ARASAAC ha aparecido este magn\u00edfico comunicador al que es imprescindible prestar atenci\u00f3n. AsTeRICS Grid&nbsp;es un&nbsp;comunicador din\u00e1mico&nbsp;multiplataforma,&nbsp;gratuito y personalizable,&nbsp;que permite la utilizaci\u00f3n de&nbsp;pictogramas, im\u00e1genes y signos ortogr\u00e1ficos&nbsp;para&nbsp;facilitar la comunicaci\u00f3n&nbsp;y la participaci\u00f3n&nbsp;a todas las personas. Como&nbsp;producto de apoyo &hellip; <a href=\"https:\/\/creena.educacion.navarra.es\/web\/recursose\/2022\/11\/24\/asterics-grid\/\">Sigue leyendo <span class=\"meta-nav\">&rarr;<\/span><\/a><\/p>\n","protected":false},"author":1,"featured_media":0,"comment_status":"closed","ping_status":"open","sticky":false,"template":"","format":"standard","meta":[],"categories":[52,13,28,25,49],"tags":[],"_links":{"self":[{"href":"https:\/\/creena.educacion.navarra.es\/web\/recursose\/wp-json\/wp\/v2\/posts\/695"}],"collection":[{"href":"https:\/\/creena.educacion.navarra.es\/web\/recursose\/wp-json\/wp\/v2\/posts"}],"about":[{"href":"https:\/\/creena.educacion.navarra.es\/web\/recursose\/wp-json\/wp\/v2\/types\/post"}],"author":[{"embeddable":true,"href":"https:\/\/creena.educacion.navarra.es\/web\/recursose\/wp-json\/wp\/v2\/users\/1"}],"replies":[{"embeddable":true,"href":"https:\/\/creena.educacion.navarra.es\/web\/recursose\/wp-json\/wp\/v2\/comments?post=695"}],"version-history":[{"count":3,"href":"https:\/\/creena.educacion.navarra.es\/web\/recursose\/wp-json\/wp\/v2\/posts\/695\/revisions"}],"predecessor-version":[{"id":701,"href":"https:\/\/creena.educacion.navarra.es\/web\/recursose\/wp-json\/wp\/v2\/posts\/695\/revisions\/701"}],"wp:attachment":[{"href":"https:\/\/creena.educacion.navarra.es\/web\/recursose\/wp-json\/wp\/v2\/media?parent=695"}],"wp:term":[{"taxonomy":"category","embeddable":true,"href":"https:\/\/creena.educacion.navarra.es\/web\/recursose\/wp-json\/wp\/v2\/categories?post=695"},{"taxonomy":"post_tag","embeddable":true,"href":"https:\/\/creena.educacion.navarra.es\/web\/recursose\/wp-json\/wp\/v2\/tags?post=695"}],"curies":[{"name":"wp","href":"https:\/\/api.w.org\/{rel}","templated":true}]}}