{"id":19675,"date":"2026-04-29T14:55:09","date_gmt":"2026-04-29T12:55:09","guid":{"rendered":"https:\/\/creena.educacion.navarra.es\/web\/?p=19675"},"modified":"2026-04-29T14:55:55","modified_gmt":"2026-04-29T12:55:55","slug":"inscripcion-grado-basico-especifico-curso-26-27","status":"publish","type":"post","link":"https:\/\/creena.educacion.navarra.es\/web\/2026\/04\/29\/inscripcion-grado-basico-especifico-curso-26-27\/","title":{"rendered":"INSCRIPCI\u00d3N GRADO B\u00c1SICO ESPEC\u00cdFICO- CURSO 26-27"},"content":{"rendered":"\n<ul><li><a rel=\"noreferrer noopener\" href=\"https:\/\/docs.google.com\/document\/d\/1IHP0u5wIKnXAy2FyaUzFAY6hwDwDaH3JU7IQ7CqDhw4\/edit?usp=drive_link\" target=\"_blank\">Calendario del proceso de admisi\u00f3n<\/a><\/li><li><a rel=\"noreferrer noopener\" href=\"https:\/\/drive.google.com\/file\/d\/18RVjzGImb6zQUc-g73rxf-wWwS_ZT4zf\/view?usp=drive_link\" target=\"_blank\">Formulario de inscripci\u00f3n<\/a><\/li><li><a rel=\"noreferrer noopener\" href=\"https:\/\/docs.google.com\/document\/d\/1honxytA0tXWnHfOgiLHnuVe2WwObG5l-BluQAdh2cu0\/edit?usp=drive_link\" target=\"_blank\">Informe-propuesta del equipo docente<\/a><\/li><li><a rel=\"noreferrer noopener\" href=\"https:\/\/drive.google.com\/file\/d\/1vUekhXTXozrofQIXL7tHoZhlaY923BbA\/view?usp=drive_link\" target=\"_blank\">Informaci\u00f3n al alumno\/a para la inscripci\u00f3n en el proceso de admisi\u00f3n al grado b\u00e1sico<\/a><\/li><li><a rel=\"noreferrer noopener\" href=\"https:\/\/drive.google.com\/file\/d\/1FdPFTENsUqqX_QHXFqdIqOEnVAUhILbP\/view?usp=drive_link\" target=\"_blank\">Informe psicopedag\u00f3gico<\/a><\/li><\/ul>\n","protected":false},"excerpt":{"rendered":"<p>Calendario del proceso de admisi\u00f3n Formulario de inscripci\u00f3n Informe-propuesta del equipo docente Informaci\u00f3n al alumno\/a para la inscripci\u00f3n en el proceso de admisi\u00f3n al grado b\u00e1sico Informe psicopedag\u00f3gico<\/p>\n","protected":false},"author":1,"featured_media":3702,"comment_status":"open","ping_status":"open","sticky":false,"template":"","format":"standard","meta":{"_genesis_hide_title":false,"_genesis_hide_breadcrumbs":false,"_genesis_hide_singular_image":false,"_genesis_hide_footer_widgets":false,"_genesis_custom_body_class":"","_genesis_custom_post_class":"","_genesis_layout":""},"categories":[1],"tags":[],"_links":{"self":[{"href":"https:\/\/creena.educacion.navarra.es\/web\/wp-json\/wp\/v2\/posts\/19675"}],"collection":[{"href":"https:\/\/creena.educacion.navarra.es\/web\/wp-json\/wp\/v2\/posts"}],"about":[{"href":"https:\/\/creena.educacion.navarra.es\/web\/wp-json\/wp\/v2\/types\/post"}],"author":[{"embeddable":true,"href":"https:\/\/creena.educacion.navarra.es\/web\/wp-json\/wp\/v2\/users\/1"}],"replies":[{"embeddable":true,"href":"https:\/\/creena.educacion.navarra.es\/web\/wp-json\/wp\/v2\/comments?post=19675"}],"version-history":[{"count":1,"href":"https:\/\/creena.educacion.navarra.es\/web\/wp-json\/wp\/v2\/posts\/19675\/revisions"}],"predecessor-version":[{"id":19676,"href":"https:\/\/creena.educacion.navarra.es\/web\/wp-json\/wp\/v2\/posts\/19675\/revisions\/19676"}],"wp:featuredmedia":[{"embeddable":true,"href":"https:\/\/creena.educacion.navarra.es\/web\/wp-json\/wp\/v2\/media\/3702"}],"wp:attachment":[{"href":"https:\/\/creena.educacion.navarra.es\/web\/wp-json\/wp\/v2\/media?parent=19675"}],"wp:term":[{"taxonomy":"category","embeddable":true,"href":"https:\/\/creena.educacion.navarra.es\/web\/wp-json\/wp\/v2\/categories?post=19675"},{"taxonomy":"post_tag","embeddable":true,"href":"https:\/\/creena.educacion.navarra.es\/web\/wp-json\/wp\/v2\/tags?post=19675"}],"curies":[{"name":"wp","href":"https:\/\/api.w.org\/{rel}","templated":true}]}}